{"id":52949,"date":"2025-06-20T13:03:57","date_gmt":"2025-06-20T13:03:57","guid":{"rendered":"https:\/\/www.edgenexus.io\/nao-categorizado\/edgenexus-aumenta-a-conscientizacao-sobre-o-balanceador-de-carga-do-azure-com-a-microsoft\/"},"modified":"2025-06-20T13:03:57","modified_gmt":"2025-06-20T13:03:57","slug":"edgenexus-aumenta-a-conscientizacao-sobre-o-balanceador-de-carga-do-azure-com-a-microsoft","status":"publish","type":"post","link":"https:\/\/www.edgenexus.io\/pt-br\/blog-pt-br\/edgenexus-aumenta-a-conscientizacao-sobre-o-balanceador-de-carga-do-azure-com-a-microsoft\/","title":{"rendered":"edgeNEXUS aumenta a conscientiza\u00e7\u00e3o sobre o balanceador de carga do Azure com a Microsoft"},"content":{"rendered":"<p>&nbsp;<\/p>\n<p class=\"MsoNormal\">O balanceador de carga edgeNEXUS agora est\u00e1 dispon\u00edvel no Azure Marketplace, permitindo que os clientes da Microsoft implantem uma tecnologia de controle de entrega de aplicativos rica em recursos que melhora o desempenho, a escalabilidade e a confiabilidade dos aplicativos na nuvem. Estamos entusiasmados por trabalhar t\u00e3o de perto com a equipe do Azure para lan\u00e7ar <a href=\"https:\/\/www.edgenexus.io\/tutorial\/create-trusted-ssl-certificate-intermediates\/attachment\/jetnexus_0032_layer-comp-32\/\">o edgeNEXUS<\/a> na nuvem. Mais informa\u00e7\u00f5es aqui: <a href=\"https:\/\/www.edgenexus.io\/load-balancer\/platform\/microsoft-azure-load-balancer\/\">https:\/\/www.edgenexus.io\/load-balancer\/platform\/microsoft-azure-load-balancer\/<\/a>  <\/p>\n<p>&nbsp;<\/p>\n<blockquote><p><a href=\"https:\/\/www.edgenexus.io\/pt-br\/tag\/balanceamento-de-carga\/\">Com o objetivo<\/a> de aumentar a conscientiza\u00e7\u00e3o sobre sua marca e seu aplicativo no Azure, a edgeNEXUS recorreu \u00e0 <a href=\"https:\/\/www.edgenexus.io\/load-balancer-free-evaluation-newtbd\/attachment\/edgenexus-lb-landingpage-hero-01-compressed\/\">Microsoft<\/a> e \u00e0 equipe de <a href=\"https:\/\/www.edgenexus.io\/tutorial\/new-clustering-functionality-activeactive-configuration\/attachment\/jetnexus_0018_layer-comp-18\/\">Servi\u00e7os<\/a> Go-To-Market, que a ajudou a obter a Certifica\u00e7\u00e3o Azure.<\/p>\n<p>A equipe de servi\u00e7os Go-To-Market da Microsoft publicou uma folha de dados divulgando os benef\u00edcios da <a href=\"https:\/\/www.edgenexus.io\/blog\/loadbalance-adfs-hybrid-exchange-office365\/attachment\/adfs-hybrid-exchange-office-365\/\">tecnologia<\/a> de controle de entrega de aplicativos com recursos avan\u00e7ados do jetNEXUS e, em seguida, <a href=\"https:\/\/www.edgenexus.io\/tutorial\/flightpath-rule-log-email-404-errors\/\">publicou<\/a> uma postagem no blog do Channel 9 para promover os benef\u00edcios da otimiza\u00e7\u00e3o de aplicativos.<\/p>\n<p>A equipe do Microsoft Go-To-Market Services tamb\u00e9m facilitou as campanhas de marketing on-line em nome da edgeNEXUS. O Microsoft Go-To-Market Services oferece aos <a href=\"https:\/\/www.edgenexus.io\/pt-br\/tag\/ssl-pt-br\/\">criadores de<\/a> aplicativos recursos exclusivos para ajudar a aumentar a exposi\u00e7\u00e3o do aplicativo, melhorar o desempenho do aplicativo e criar melhores neg\u00f3cios na nuvem. <\/p>\n<p>\u201cA Microsoft realmente ajudou a <a href=\"https:\/\/www.edgenexus.io\/blog\/chrome-to-block-mixed-content-by-feb-2022\/attachment\/redirect_http_to_https\/\">impulsionar<\/a> o reconhecimento da nossa marca e do nosso aplicativo durante o <a href=\"https:\/\/www.edgenexus.io\/solutions\/containerisation\/attachment\/edgenexus-containerisation-img3asset-3\/\">lan\u00e7amento<\/a> do nosso Advanced Load Balancer for Azure e nos apresentou a novos mercados.\u201d<br \/>\nGreg Howett, CEO da edgeNEXUS<\/p><\/blockquote>\n","protected":false},"excerpt":{"rendered":"<p>&nbsp; O balanceador de carga edgeNEXUS agora est\u00e1 dispon\u00edvel no Azure Marketplace, permitindo que os clientes da Microsoft implantem uma tecnologia de controle de entrega de aplicativos rica em recursos que melhora o desempenho, a escalabilidade e a confiabilidade dos aplicativos na nuvem. Estamos entusiasmados por trabalhar t\u00e3o de perto com a equipe do Azure [&hellip;]<\/p>\n","protected":false},"author":13,"featured_media":34700,"comment_status":"open","ping_status":"open","sticky":false,"template":"","format":"standard","meta":{"inline_featured_image":false,"footnotes":""},"categories":[377],"tags":[1193,419,446,1192,447,1194],"class_list":["post-52949","post","type-post","status-publish","format-standard","has-post-thumbnail","hentry","category-blog-pt-br","tag-azul","tag-balanceador-de-carga","tag-computacao-em-nuvem","tag-microsoft-pt-br","tag-microsoft-azure-pt-br","tag-nuvem"],"yoast_head":"<!-- This site is optimized with the Yoast SEO Premium plugin v25.1 (Yoast SEO v27.1.1) - https:\/\/yoast.com\/product\/yoast-seo-premium-wordpress\/ -->\n<title>edgeNEXUS aumenta a conscientiza\u00e7\u00e3o sobre o balanceador de carga do Azure com a Microsoft - Edgenexus load balancers and Application Security<\/title>\n<meta name=\"robots\" content=\"index, follow, max-snippet:-1, max-image-preview:large, max-video-preview:-1\" \/>\n<link rel=\"canonical\" href=\"https:\/\/www.edgenexus.io\/pt-br\/blog-pt-br\/edgenexus-aumenta-a-conscientizacao-sobre-o-balanceador-de-carga-do-azure-com-a-microsoft\/\" \/>\n<meta name=\"twitter:label1\" content=\"Escrito por\" \/>\n\t<meta name=\"twitter:data1\" content=\"Donna Toomey\" \/>\n\t<meta name=\"twitter:label2\" content=\"Est. tempo de leitura\" \/>\n\t<meta name=\"twitter:data2\" content=\"1 minuto\" \/>\n<script type=\"application\/ld+json\" class=\"yoast-schema-graph\">{\"@context\":\"https:\/\/schema.org\",\"@graph\":[{\"@type\":\"Article\",\"@id\":\"https:\/\/www.edgenexus.io\/pt-br\/blog-pt-br\/edgenexus-aumenta-a-conscientizacao-sobre-o-balanceador-de-carga-do-azure-com-a-microsoft\/#article\",\"isPartOf\":{\"@id\":\"https:\/\/www.edgenexus.io\/pt-br\/blog-pt-br\/edgenexus-aumenta-a-conscientizacao-sobre-o-balanceador-de-carga-do-azure-com-a-microsoft\/\"},\"author\":{\"name\":\"Donna Toomey\",\"@id\":\"https:\/\/www.edgenexus.io\/zh-hans\/#\/schema\/person\/dc553ff5b496630eb88bf2d9ee2b31ca\"},\"headline\":\"edgeNEXUS aumenta a conscientiza\u00e7\u00e3o sobre o balanceador de carga do Azure com a Microsoft\",\"datePublished\":\"2025-06-20T13:03:57+00:00\",\"mainEntityOfPage\":{\"@id\":\"https:\/\/www.edgenexus.io\/pt-br\/blog-pt-br\/edgenexus-aumenta-a-conscientizacao-sobre-o-balanceador-de-carga-do-azure-com-a-microsoft\/\"},\"wordCount\":264,\"commentCount\":0,\"publisher\":{\"@id\":\"https:\/\/www.edgenexus.io\/zh-hans\/#organization\"},\"image\":{\"@id\":\"https:\/\/www.edgenexus.io\/pt-br\/blog-pt-br\/edgenexus-aumenta-a-conscientizacao-sobre-o-balanceador-de-carga-do-azure-com-a-microsoft\/#primaryimage\"},\"thumbnailUrl\":\"https:\/\/www.edgenexus.io\/wp-content\/uploads\/2017\/02\/2015-12-09-6-22-13-736-guid-1449685397001-Picture1_5000x500.png\",\"keywords\":[\"azul\",\"balanceador de carga\",\"computa\u00e7\u00e3o em nuvem\",\"microsoft\",\"microsoft azure\",\"nuvem\"],\"articleSection\":[\"Blog\"],\"inLanguage\":\"pt-BR\",\"potentialAction\":[{\"@type\":\"CommentAction\",\"name\":\"Comment\",\"target\":[\"https:\/\/www.edgenexus.io\/pt-br\/blog-pt-br\/edgenexus-aumenta-a-conscientizacao-sobre-o-balanceador-de-carga-do-azure-com-a-microsoft\/#respond\"]}]},{\"@type\":\"WebPage\",\"@id\":\"https:\/\/www.edgenexus.io\/pt-br\/blog-pt-br\/edgenexus-aumenta-a-conscientizacao-sobre-o-balanceador-de-carga-do-azure-com-a-microsoft\/\",\"url\":\"https:\/\/www.edgenexus.io\/pt-br\/blog-pt-br\/edgenexus-aumenta-a-conscientizacao-sobre-o-balanceador-de-carga-do-azure-com-a-microsoft\/\",\"name\":\"edgeNEXUS aumenta a conscientiza\u00e7\u00e3o sobre o balanceador de carga do Azure com a Microsoft - Edgenexus load balancers and Application Security\",\"isPartOf\":{\"@id\":\"https:\/\/www.edgenexus.io\/zh-hans\/#website\"},\"primaryImageOfPage\":{\"@id\":\"https:\/\/www.edgenexus.io\/pt-br\/blog-pt-br\/edgenexus-aumenta-a-conscientizacao-sobre-o-balanceador-de-carga-do-azure-com-a-microsoft\/#primaryimage\"},\"image\":{\"@id\":\"https:\/\/www.edgenexus.io\/pt-br\/blog-pt-br\/edgenexus-aumenta-a-conscientizacao-sobre-o-balanceador-de-carga-do-azure-com-a-microsoft\/#primaryimage\"},\"thumbnailUrl\":\"https:\/\/www.edgenexus.io\/wp-content\/uploads\/2017\/02\/2015-12-09-6-22-13-736-guid-1449685397001-Picture1_5000x500.png\",\"datePublished\":\"2025-06-20T13:03:57+00:00\",\"breadcrumb\":{\"@id\":\"https:\/\/www.edgenexus.io\/pt-br\/blog-pt-br\/edgenexus-aumenta-a-conscientizacao-sobre-o-balanceador-de-carga-do-azure-com-a-microsoft\/#breadcrumb\"},\"inLanguage\":\"pt-BR\",\"potentialAction\":[{\"@type\":\"ReadAction\",\"target\":[\"https:\/\/www.edgenexus.io\/pt-br\/blog-pt-br\/edgenexus-aumenta-a-conscientizacao-sobre-o-balanceador-de-carga-do-azure-com-a-microsoft\/\"]}]},{\"@type\":\"ImageObject\",\"inLanguage\":\"pt-BR\",\"@id\":\"https:\/\/www.edgenexus.io\/pt-br\/blog-pt-br\/edgenexus-aumenta-a-conscientizacao-sobre-o-balanceador-de-carga-do-azure-com-a-microsoft\/#primaryimage\",\"url\":\"https:\/\/www.edgenexus.io\/wp-content\/uploads\/2017\/02\/2015-12-09-6-22-13-736-guid-1449685397001-Picture1_5000x500.png\",\"contentUrl\":\"https:\/\/www.edgenexus.io\/wp-content\/uploads\/2017\/02\/2015-12-09-6-22-13-736-guid-1449685397001-Picture1_5000x500.png\",\"width\":464,\"height\":269,\"caption\":\"jetnexus load balancer\"},{\"@type\":\"BreadcrumbList\",\"@id\":\"https:\/\/www.edgenexus.io\/pt-br\/blog-pt-br\/edgenexus-aumenta-a-conscientizacao-sobre-o-balanceador-de-carga-do-azure-com-a-microsoft\/#breadcrumb\",\"itemListElement\":[{\"@type\":\"ListItem\",\"position\":1,\"name\":\"Home\",\"item\":\"https:\/\/www.edgenexus.io\/pt-br\/edgenexus-balanceamento-de-carga-adc-waf-e-gslb\/\"},{\"@type\":\"ListItem\",\"position\":2,\"name\":\"edgeNEXUS aumenta a conscientiza\u00e7\u00e3o sobre o balanceador de carga do Azure com a Microsoft\"}]},{\"@type\":\"WebSite\",\"@id\":\"https:\/\/www.edgenexus.io\/zh-hans\/#website\",\"url\":\"https:\/\/www.edgenexus.io\/zh-hans\/\",\"name\":\"Edgenexus load balancers and Application Security\",\"description\":\"Edgenexus Load Balancers, ADC and Web application Firewalls (WAF)\",\"publisher\":{\"@id\":\"https:\/\/www.edgenexus.io\/zh-hans\/#organization\"},\"alternateName\":\"Load balancers and Web application firewall\",\"potentialAction\":[{\"@type\":\"SearchAction\",\"target\":{\"@type\":\"EntryPoint\",\"urlTemplate\":\"https:\/\/www.edgenexus.io\/zh-hans\/?s={search_term_string}\"},\"query-input\":{\"@type\":\"PropertyValueSpecification\",\"valueRequired\":true,\"valueName\":\"search_term_string\"}}],\"inLanguage\":\"pt-BR\"},{\"@type\":\"Organization\",\"@id\":\"https:\/\/www.edgenexus.io\/zh-hans\/#organization\",\"name\":\"Edgenexus\",\"url\":\"https:\/\/www.edgenexus.io\/zh-hans\/\",\"logo\":{\"@type\":\"ImageObject\",\"inLanguage\":\"pt-BR\",\"@id\":\"https:\/\/www.edgenexus.io\/zh-hans\/#\/schema\/logo\/image\/\",\"url\":\"https:\/\/www.edgenexus.io\/wp-content\/uploads\/2023\/09\/edgenexus-adc-sq-transparentAsset-7.png\",\"contentUrl\":\"https:\/\/www.edgenexus.io\/wp-content\/uploads\/2023\/09\/edgenexus-adc-sq-transparentAsset-7.png\",\"width\":903,\"height\":921,\"caption\":\"Edgenexus\"},\"image\":{\"@id\":\"https:\/\/www.edgenexus.io\/zh-hans\/#\/schema\/logo\/image\/\"},\"sameAs\":[\"https:\/\/www.facebook.com\/edgenexusio\",\"https:\/\/x.com\/edgenexusio\",\"https:\/\/www.linkedin.com\/company\/edgenexus\/\"]},{\"@type\":\"Person\",\"@id\":\"https:\/\/www.edgenexus.io\/zh-hans\/#\/schema\/person\/dc553ff5b496630eb88bf2d9ee2b31ca\",\"name\":\"Donna Toomey\",\"image\":{\"@type\":\"ImageObject\",\"inLanguage\":\"pt-BR\",\"@id\":\"https:\/\/www.edgenexus.io\/zh-hans\/#\/schema\/person\/image\/\",\"url\":\"https:\/\/secure.gravatar.com\/avatar\/3d4a009f6c17add48ad6905e40aac5308c04c77cdcff0616649d6c31251d1955?s=96&d=identicon&r=g\",\"contentUrl\":\"https:\/\/secure.gravatar.com\/avatar\/3d4a009f6c17add48ad6905e40aac5308c04c77cdcff0616649d6c31251d1955?s=96&d=identicon&r=g\",\"caption\":\"Donna Toomey\"}}]}<\/script>\n<!-- \/ Yoast SEO Premium plugin. -->","yoast_head_json":{"title":"edgeNEXUS aumenta a conscientiza\u00e7\u00e3o sobre o balanceador de carga do Azure com a Microsoft - Edgenexus load balancers and Application Security","robots":{"index":"index","follow":"follow","max-snippet":"max-snippet:-1","max-image-preview":"max-image-preview:large","max-video-preview":"max-video-preview:-1"},"canonical":"https:\/\/www.edgenexus.io\/pt-br\/blog-pt-br\/edgenexus-aumenta-a-conscientizacao-sobre-o-balanceador-de-carga-do-azure-com-a-microsoft\/","twitter_misc":{"Escrito por":"Donna Toomey","Est. tempo de leitura":"1 minuto"},"schema":{"@context":"https:\/\/schema.org","@graph":[{"@type":"Article","@id":"https:\/\/www.edgenexus.io\/pt-br\/blog-pt-br\/edgenexus-aumenta-a-conscientizacao-sobre-o-balanceador-de-carga-do-azure-com-a-microsoft\/#article","isPartOf":{"@id":"https:\/\/www.edgenexus.io\/pt-br\/blog-pt-br\/edgenexus-aumenta-a-conscientizacao-sobre-o-balanceador-de-carga-do-azure-com-a-microsoft\/"},"author":{"name":"Donna Toomey","@id":"https:\/\/www.edgenexus.io\/zh-hans\/#\/schema\/person\/dc553ff5b496630eb88bf2d9ee2b31ca"},"headline":"edgeNEXUS aumenta a conscientiza\u00e7\u00e3o sobre o balanceador de carga do Azure com a Microsoft","datePublished":"2025-06-20T13:03:57+00:00","mainEntityOfPage":{"@id":"https:\/\/www.edgenexus.io\/pt-br\/blog-pt-br\/edgenexus-aumenta-a-conscientizacao-sobre-o-balanceador-de-carga-do-azure-com-a-microsoft\/"},"wordCount":264,"commentCount":0,"publisher":{"@id":"https:\/\/www.edgenexus.io\/zh-hans\/#organization"},"image":{"@id":"https:\/\/www.edgenexus.io\/pt-br\/blog-pt-br\/edgenexus-aumenta-a-conscientizacao-sobre-o-balanceador-de-carga-do-azure-com-a-microsoft\/#primaryimage"},"thumbnailUrl":"https:\/\/www.edgenexus.io\/wp-content\/uploads\/2017\/02\/2015-12-09-6-22-13-736-guid-1449685397001-Picture1_5000x500.png","keywords":["azul","balanceador de carga","computa\u00e7\u00e3o em nuvem","microsoft","microsoft azure","nuvem"],"articleSection":["Blog"],"inLanguage":"pt-BR","potentialAction":[{"@type":"CommentAction","name":"Comment","target":["https:\/\/www.edgenexus.io\/pt-br\/blog-pt-br\/edgenexus-aumenta-a-conscientizacao-sobre-o-balanceador-de-carga-do-azure-com-a-microsoft\/#respond"]}]},{"@type":"WebPage","@id":"https:\/\/www.edgenexus.io\/pt-br\/blog-pt-br\/edgenexus-aumenta-a-conscientizacao-sobre-o-balanceador-de-carga-do-azure-com-a-microsoft\/","url":"https:\/\/www.edgenexus.io\/pt-br\/blog-pt-br\/edgenexus-aumenta-a-conscientizacao-sobre-o-balanceador-de-carga-do-azure-com-a-microsoft\/","name":"edgeNEXUS aumenta a conscientiza\u00e7\u00e3o sobre o balanceador de carga do Azure com a Microsoft - Edgenexus load balancers and Application Security","isPartOf":{"@id":"https:\/\/www.edgenexus.io\/zh-hans\/#website"},"primaryImageOfPage":{"@id":"https:\/\/www.edgenexus.io\/pt-br\/blog-pt-br\/edgenexus-aumenta-a-conscientizacao-sobre-o-balanceador-de-carga-do-azure-com-a-microsoft\/#primaryimage"},"image":{"@id":"https:\/\/www.edgenexus.io\/pt-br\/blog-pt-br\/edgenexus-aumenta-a-conscientizacao-sobre-o-balanceador-de-carga-do-azure-com-a-microsoft\/#primaryimage"},"thumbnailUrl":"https:\/\/www.edgenexus.io\/wp-content\/uploads\/2017\/02\/2015-12-09-6-22-13-736-guid-1449685397001-Picture1_5000x500.png","datePublished":"2025-06-20T13:03:57+00:00","breadcrumb":{"@id":"https:\/\/www.edgenexus.io\/pt-br\/blog-pt-br\/edgenexus-aumenta-a-conscientizacao-sobre-o-balanceador-de-carga-do-azure-com-a-microsoft\/#breadcrumb"},"inLanguage":"pt-BR","potentialAction":[{"@type":"ReadAction","target":["https:\/\/www.edgenexus.io\/pt-br\/blog-pt-br\/edgenexus-aumenta-a-conscientizacao-sobre-o-balanceador-de-carga-do-azure-com-a-microsoft\/"]}]},{"@type":"ImageObject","inLanguage":"pt-BR","@id":"https:\/\/www.edgenexus.io\/pt-br\/blog-pt-br\/edgenexus-aumenta-a-conscientizacao-sobre-o-balanceador-de-carga-do-azure-com-a-microsoft\/#primaryimage","url":"https:\/\/www.edgenexus.io\/wp-content\/uploads\/2017\/02\/2015-12-09-6-22-13-736-guid-1449685397001-Picture1_5000x500.png","contentUrl":"https:\/\/www.edgenexus.io\/wp-content\/uploads\/2017\/02\/2015-12-09-6-22-13-736-guid-1449685397001-Picture1_5000x500.png","width":464,"height":269,"caption":"jetnexus load balancer"},{"@type":"BreadcrumbList","@id":"https:\/\/www.edgenexus.io\/pt-br\/blog-pt-br\/edgenexus-aumenta-a-conscientizacao-sobre-o-balanceador-de-carga-do-azure-com-a-microsoft\/#breadcrumb","itemListElement":[{"@type":"ListItem","position":1,"name":"Home","item":"https:\/\/www.edgenexus.io\/pt-br\/edgenexus-balanceamento-de-carga-adc-waf-e-gslb\/"},{"@type":"ListItem","position":2,"name":"edgeNEXUS aumenta a conscientiza\u00e7\u00e3o sobre o balanceador de carga do Azure com a Microsoft"}]},{"@type":"WebSite","@id":"https:\/\/www.edgenexus.io\/zh-hans\/#website","url":"https:\/\/www.edgenexus.io\/zh-hans\/","name":"Edgenexus load balancers and Application Security","description":"Edgenexus Load Balancers, ADC and Web application Firewalls (WAF)","publisher":{"@id":"https:\/\/www.edgenexus.io\/zh-hans\/#organization"},"alternateName":"Load balancers and Web application firewall","potentialAction":[{"@type":"SearchAction","target":{"@type":"EntryPoint","urlTemplate":"https:\/\/www.edgenexus.io\/zh-hans\/?s={search_term_string}"},"query-input":{"@type":"PropertyValueSpecification","valueRequired":true,"valueName":"search_term_string"}}],"inLanguage":"pt-BR"},{"@type":"Organization","@id":"https:\/\/www.edgenexus.io\/zh-hans\/#organization","name":"Edgenexus","url":"https:\/\/www.edgenexus.io\/zh-hans\/","logo":{"@type":"ImageObject","inLanguage":"pt-BR","@id":"https:\/\/www.edgenexus.io\/zh-hans\/#\/schema\/logo\/image\/","url":"https:\/\/www.edgenexus.io\/wp-content\/uploads\/2023\/09\/edgenexus-adc-sq-transparentAsset-7.png","contentUrl":"https:\/\/www.edgenexus.io\/wp-content\/uploads\/2023\/09\/edgenexus-adc-sq-transparentAsset-7.png","width":903,"height":921,"caption":"Edgenexus"},"image":{"@id":"https:\/\/www.edgenexus.io\/zh-hans\/#\/schema\/logo\/image\/"},"sameAs":["https:\/\/www.facebook.com\/edgenexusio","https:\/\/x.com\/edgenexusio","https:\/\/www.linkedin.com\/company\/edgenexus\/"]},{"@type":"Person","@id":"https:\/\/www.edgenexus.io\/zh-hans\/#\/schema\/person\/dc553ff5b496630eb88bf2d9ee2b31ca","name":"Donna Toomey","image":{"@type":"ImageObject","inLanguage":"pt-BR","@id":"https:\/\/www.edgenexus.io\/zh-hans\/#\/schema\/person\/image\/","url":"https:\/\/secure.gravatar.com\/avatar\/3d4a009f6c17add48ad6905e40aac5308c04c77cdcff0616649d6c31251d1955?s=96&d=identicon&r=g","contentUrl":"https:\/\/secure.gravatar.com\/avatar\/3d4a009f6c17add48ad6905e40aac5308c04c77cdcff0616649d6c31251d1955?s=96&d=identicon&r=g","caption":"Donna Toomey"}}]}},"_links":{"self":[{"href":"https:\/\/www.edgenexus.io\/pt-br\/wp-json\/wp\/v2\/posts\/52949","targetHints":{"allow":["GET"]}}],"collection":[{"href":"https:\/\/www.edgenexus.io\/pt-br\/wp-json\/wp\/v2\/posts"}],"about":[{"href":"https:\/\/www.edgenexus.io\/pt-br\/wp-json\/wp\/v2\/types\/post"}],"author":[{"embeddable":true,"href":"https:\/\/www.edgenexus.io\/pt-br\/wp-json\/wp\/v2\/users\/13"}],"replies":[{"embeddable":true,"href":"https:\/\/www.edgenexus.io\/pt-br\/wp-json\/wp\/v2\/comments?post=52949"}],"version-history":[{"count":0,"href":"https:\/\/www.edgenexus.io\/pt-br\/wp-json\/wp\/v2\/posts\/52949\/revisions"}],"wp:featuredmedia":[{"embeddable":true,"href":"https:\/\/www.edgenexus.io\/pt-br\/wp-json\/wp\/v2\/media\/34700"}],"wp:attachment":[{"href":"https:\/\/www.edgenexus.io\/pt-br\/wp-json\/wp\/v2\/media?parent=52949"}],"wp:term":[{"taxonomy":"category","embeddable":true,"href":"https:\/\/www.edgenexus.io\/pt-br\/wp-json\/wp\/v2\/categories?post=52949"},{"taxonomy":"post_tag","embeddable":true,"href":"https:\/\/www.edgenexus.io\/pt-br\/wp-json\/wp\/v2\/tags?post=52949"}],"curies":[{"name":"wp","href":"https:\/\/api.w.org\/{rel}","templated":true}]}}